{"id":715,"date":"2022-09-08T16:21:15","date_gmt":"2022-09-08T21:21:15","guid":{"rendered":"http:\/\/www.enlightenedcoachingcf.com\/wordpress\/?p=715"},"modified":"2022-09-08T16:21:15","modified_gmt":"2022-09-08T21:21:15","slug":"el-proposito-del-perdon","status":"publish","type":"post","link":"http:\/\/www.enlightenedcoachingcf.com\/wordpress\/uncategorized\/el-proposito-del-perdon\/","title":{"rendered":"El prop\u00f3sito del Perdon"},"content":{"rendered":"<p><span style=\"font-size: 12px;\">Cuando me preguntan el prop\u00f3sito del perd\u00f3n mi respuesta es: <\/span><\/p>\n<p><span style=\"font-size: 12px;\">Estar aqu\u00ed y ahora! Vivir el presente!<\/span><\/p>\n<div><\/div>\n<div>Cuando NO perdono estoy recordando ese momento y estoy sintiendo ese dolor. Mi pensamiento genera mi dolor. \u00a0Ese pensamiento- resentimiento est\u00e1 en el pasado. Ese miedo a que me vuelva a pasar en el futuro. No estoy en el presente.<\/div>\n<div><\/div>\n<div>Hay muchas t\u00e9cnicas para el perd\u00f3n! Cualquiera sirve si puedes realmente sentirlas. Es decir, cuando sentiste aquello que te doli\u00f3 tuviste una reacci\u00f3n f\u00edsica\u2026un dolor\u2026ya sea en la boca del est\u00f3mago, el est\u00f3mago, etc. El perd\u00f3n tambi\u00e9n genera una sensaci\u00f3n f\u00edsica de calma.<\/div>\n<div><\/div>\n<div>Por eso es muy importante que el perd\u00f3n no se quede en el plano mental sino que vaya al coraz\u00f3n! Que sientas esa luz que t\u00fa eres!! Es como entrar a un cuarto a oscuras y t\u00fa llevas luz que ilumina y te permite ver y sentir \u00a0la situaci\u00f3n \u00a0diferente!<\/div>\n<div><\/div>\n<div>Afirmaci\u00f3nes si quieres repetir:<\/div>\n<div>Yo me perdono por sentirme d\u00e9bil, con miedo\u2026en esta situaci\u00f3n.<\/div>\n<div>Yo perdono a _______ por que soy luz y siento paz!<\/div>\n<div><\/div>\n<div><\/div>\n<div><\/div>\n<div><\/div>\n<div><\/div>\n<div>\n<div><\/div>\n<\/div>\n","protected":false},"excerpt":{"rendered":"<p>Cuando me preguntan el prop\u00f3sito del perd\u00f3n mi respuesta es: Estar aqu\u00ed y ahora! Vivir el presente! Cuando NO perdono estoy recordando ese momento y estoy sintiendo ese dolor. Mi pensamiento genera mi dolor. \u00a0Ese pensamiento- resentimiento est\u00e1 en el &hellip; <a href=\"http:\/\/www.enlightenedcoachingcf.com\/wordpress\/uncategorized\/el-proposito-del-perdon\/\">Continue reading <span class=\"meta-nav\">&rarr;<\/span><\/a><\/p>\n","protected":false},"author":1,"featured_media":0,"comment_status":"open","ping_status":"open","sticky":false,"template":"","format":"standard","meta":[],"categories":[1],"tags":[],"_links":{"self":[{"href":"http:\/\/www.enlightenedcoachingcf.com\/wordpress\/wp-json\/wp\/v2\/posts\/715"}],"collection":[{"href":"http:\/\/www.enlightenedcoachingcf.com\/wordpress\/wp-json\/wp\/v2\/posts"}],"about":[{"href":"http:\/\/www.enlightenedcoachingcf.com\/wordpress\/wp-json\/wp\/v2\/types\/post"}],"author":[{"embeddable":true,"href":"http:\/\/www.enlightenedcoachingcf.com\/wordpress\/wp-json\/wp\/v2\/users\/1"}],"replies":[{"embeddable":true,"href":"http:\/\/www.enlightenedcoachingcf.com\/wordpress\/wp-json\/wp\/v2\/comments?post=715"}],"version-history":[{"count":1,"href":"http:\/\/www.enlightenedcoachingcf.com\/wordpress\/wp-json\/wp\/v2\/posts\/715\/revisions"}],"predecessor-version":[{"id":716,"href":"http:\/\/www.enlightenedcoachingcf.com\/wordpress\/wp-json\/wp\/v2\/posts\/715\/revisions\/716"}],"wp:attachment":[{"href":"http:\/\/www.enlightenedcoachingcf.com\/wordpress\/wp-json\/wp\/v2\/media?parent=715"}],"wp:term":[{"taxonomy":"category","embeddable":true,"href":"http:\/\/www.enlightenedcoachingcf.com\/wordpress\/wp-json\/wp\/v2\/categories?post=715"},{"taxonomy":"post_tag","embeddable":true,"href":"http:\/\/www.enlightenedcoachingcf.com\/wordpress\/wp-json\/wp\/v2\/tags?post=715"}],"curies":[{"name":"wp","href":"https:\/\/api.w.org\/{rel}","templated":true}]}}